[{"@context":"https:\/\/schema.org\/","@type":"Article","@id":"https:\/\/www.nccomp.sk\/na-dovolenku-aj-proste-vsade\/#Article","mainEntityOfPage":"https:\/\/www.nccomp.sk\/na-dovolenku-aj-proste-vsade\/","headline":"Na dovolenku aj proste v\u0161ade","name":"Na dovolenku aj proste v\u0161ade","description":"Ka\u017ed\u00fd jeden z n\u00e1s m\u00e1 zaiste svoj vlastn\u00fd denn\u00fd ritu\u00e1l. S\u00favis\u00ed so sp\u00f4sobom a \u010dasom vst\u00e1vania, s pr\u00e1cou ktor\u00fa vykon\u00e1vame, so sp\u00f4sobom dopravy do pr\u00e1ce. Je ur\u010dite z\u00e1visl\u00fd aj od faktu s k\u00fdm \u017eijeme. \u010ci &hellip; ","datePublished":"2019-04-17","dateModified":"2023-04-28","author":{"@type":"Person","@id":"https:\/\/www.nccomp.sk\/author\/#Person","name":"","url":"https:\/\/www.nccomp.sk\/author\/","identifier":1,"image":{"@type":"ImageObject","@id":"https:\/\/secure.gravatar.com\/avatar\/4eaadff62661a2c38386085c87f88f683e575f9fda122ff8560bf1208996f3c5?s=96&d=mm&r=g","url":"https:\/\/secure.gravatar.com\/avatar\/4eaadff62661a2c38386085c87f88f683e575f9fda122ff8560bf1208996f3c5?s=96&d=mm&r=g","height":96,"width":96}},"publisher":{"@type":"Organization","name":"nccomp.sk","logo":{"@type":"ImageObject","@id":"\/logo.png","url":"\/logo.png","width":600,"height":60}},"image":{"@type":"ImageObject","@id":"https:\/\/www.nccomp.sk\/wp-content\/uploads\/img_a299514_w16580_t1556026273.jpg","url":"https:\/\/www.nccomp.sk\/wp-content\/uploads\/img_a299514_w16580_t1556026273.jpg","height":0,"width":0},"url":"https:\/\/www.nccomp.sk\/na-dovolenku-aj-proste-vsade\/","wordCount":447,"articleBody":" Ka\u017ed\u00fd jeden z n\u00e1s m\u00e1 zaiste svoj vlastn\u00fd denn\u00fd ritu\u00e1l. S\u00favis\u00ed so sp\u00f4sobom a \u010dasom vst\u00e1vania, s pr\u00e1cou ktor\u00fa vykon\u00e1vame, so sp\u00f4sobom dopravy do pr\u00e1ce. Je ur\u010dite z\u00e1visl\u00fd aj od faktu s k\u00fdm \u017eijeme. \u010ci \u017eijeme singel, alebo s partnerom, alebo m\u00e1me rodinku. Toto v\u0161etko sa podpisuje pod denn\u00fd harmonogram. Rovnako je to s vecami, ktor\u00e9 dennodenne vyu\u017e\u00edvame a pou\u017e\u00edvame. Neviem si r\u00e1no predstavi\u0165 bez sprchy a rannej k\u00e1vy. Som v\u00e1\u0161niv\u00fdm k\u00e1vi\u010dk\u00e1rom. M\u00e1m ale rada iba jeden druh na\u0161ej zrnkovej k\u00e1vy, Popradsk\u00e1 k\u00e1va v \u010dervenom obale so \u0161\u00e1lkou k\u00e1vy so \u0161\u013eaha\u010dkou na obr\u00e1zku je pre m\u0148a to prav\u00e9 orechov\u00e9. Ka\u017ed\u00e9 r\u00e1no mi o\u010di spo\u010din\u00fa na jej obale. Roky pou\u017e\u00edvam t\u00fa ist\u00fa zna\u010dku. Neviem si svoj de\u0148 predstavi\u0165 inak ako vypit\u00edm pr\u00e1ve tejto k\u00e1vy. K\u00e1va na dovolenku ur\u010dite patr\u00ed! Som tak stoto\u017enen\u00e1 zo sp\u00f4sobom pra\u017eenia tejto k\u00e1vy, \u017ee in\u00e9 k\u00e1vy mi nevyhovuj\u00fa. Doma m\u00e1m k\u00e1vovar a pripravujem si k\u00e1vu v \u0148om. V pr\u00e1ci k\u00e1vovar nem\u00e1me a tak si rob\u00edm zalievan\u00fa k\u00e1vu. Ale op\u00e4\u0165 tej istej zna\u010dky. Chu\u0165 dobrej k\u00e1vy je pre m\u0148a nevyhnutnou s\u00fa\u010das\u0165ou d\u0148a pracovn\u00e9ho aj dovolenkov\u00e9ho. Niekedy som si na dovolenku k\u00e1vu nebrala-  Ve\u010f si d\u00e1m tamoj\u0161iu ! Predsa mi ale t\u00e1 na\u0161a ch\u00fdbala. Na dovolenk\u00e1ch v r\u00e1mci \u0161v\u00e9dskych stolov ja k\u00e1va poskytovan\u00e1 \u00faplne inej \u00farovne a kvality. Je iba tak\u00e1 slab\u00e1 \u201era\u0148ajkov\u00e1\u201c. Aj v Turecku, kde je h\u00e1dam kvalita stravovac\u00edch slu\u017eieb najlep\u0161ia, mi k\u00e1va nechutila. M\u00e1 in\u00e9 pra\u017eenie a in\u00fa zrnitos\u0165. Kupovala som si aj t\u00fa v d\u017eezve, no nepri\u0161la som jej ne chu\u0165. Po v\u0161etk\u00fdch mojich sk\u00fasenostiach s k\u00e1vou si ju rad\u0161ej v\u017edy pribal\u00edm do bato\u017einy. Moja k\u00e1va serv\u00edrovan\u00e1 r\u00e1no na balk\u00f3ne s v\u00fdh\u013eadom na nekone\u010dn\u00e9 more je z\u00e1kladom ka\u017edej dovolenky. Niekto by si k tomu zap\u00e1lil svoju cigaretku a ni\u010d by mu k \u0161\u0165astiu nech\u00fdbalo. Nie som faj\u010diar a tak mi posta\u010d\u00ed k\u00e1va a v pozad\u00ed n\u00e1dhern\u00fd \u0161um mora. Bl\u00ed\u017ei sa \u010das dovoleniek a tak medzi oble\u010denie, kozmetiku, pl\u00e1vky, obuv a knihu, celkom iste pribal\u00edm aj tu moju k\u00e1vi\u010dku. Dotv\u00e1ra mi nielen ka\u017ed\u00fd oby\u010dajn\u00fd de\u0148, ale aj ten dovolenkov\u00fd.                                                                                                                                                                                                                                                                                                                                                                                        4.1\/5 - (19 votes)        "},{"@context":"https:\/\/schema.org\/","@type":"BreadcrumbList","itemListElement":[{"@type":"ListItem","position":1,"name":"Na dovolenku aj proste v\u0161ade","item":"https:\/\/www.nccomp.sk\/na-dovolenku-aj-proste-vsade\/#breadcrumbitem"}]}]