[{"@context":"https:\/\/schema.org\/","@type":"Article","@id":"https:\/\/www.nccomp.sk\/preco-nechceme-mat-deti\/#Article","mainEntityOfPage":"https:\/\/www.nccomp.sk\/preco-nechceme-mat-deti\/","headline":"Pre\u010do nechceme ma\u0165 deti?","name":"Pre\u010do nechceme ma\u0165 deti?","description":"Viem, \u017ee ve\u013ea \u013eud\u00ed m\u00f4\u017ee ma\u0165 pri tejto t\u00e9me slzy na kraj\u00ed\u010dku, mo\u017eno celkom nerozumie, pre\u010do sa v\u00f4bec tak\u00e9to nie\u010do deje a ten samotn\u00fd titulok mo\u017eno znie trochu kruto. Ako keby sme deti skuto\u010dne nechceli &hellip; ","datePublished":"2018-10-02","dateModified":"2023-04-28","author":{"@type":"Person","@id":"https:\/\/www.nccomp.sk\/author\/#Person","name":"","url":"https:\/\/www.nccomp.sk\/author\/","identifier":1,"image":{"@type":"ImageObject","@id":"https:\/\/secure.gravatar.com\/avatar\/4eaadff62661a2c38386085c87f88f683e575f9fda122ff8560bf1208996f3c5?s=96&d=mm&r=g","url":"https:\/\/secure.gravatar.com\/avatar\/4eaadff62661a2c38386085c87f88f683e575f9fda122ff8560bf1208996f3c5?s=96&d=mm&r=g","height":96,"width":96}},"publisher":{"@type":"Organization","name":"nccomp.sk","logo":{"@type":"ImageObject","@id":"\/logo.png","url":"\/logo.png","width":600,"height":60}},"image":{"@type":"ImageObject","@id":"https:\/\/www.nccomp.sk\/wp-content\/uploads\/img_a291974_w16471_t1539256558.jpg","url":"https:\/\/www.nccomp.sk\/wp-content\/uploads\/img_a291974_w16471_t1539256558.jpg","height":0,"width":0},"url":"https:\/\/www.nccomp.sk\/preco-nechceme-mat-deti\/","wordCount":587,"articleBody":"Viem, \u017ee ve\u013ea \u013eud\u00ed m\u00f4\u017ee ma\u0165 pri tejto t\u00e9me slzy na kraj\u00ed\u010dku, mo\u017eno celkom nerozumie, pre\u010do sa v\u00f4bec tak\u00e9to nie\u010do deje a ten samotn\u00fd titulok mo\u017eno znie trochu kruto. Ako keby sme deti skuto\u010dne nechceli ma\u0165, teda ka\u017ed\u00fd, kto ich nem\u00e1. \u010co mne ale pr\u00edde celkom nef\u00e9rov\u00e9. Predstavte si, ako sa svet len za vy\u0161e sto rokov zmenil. To, \u010do tu panovalo nespo\u010detne ve\u013ea storo\u010d\u00ed, dokonca nieko\u013eko tis\u00edcro\u010d\u00ed sa behom posledn\u00e9ho storo\u010dia zrazu zmenilo. \u017deny boli, aj s\u00fa v\u00e4\u010d\u0161inou t\u00fdmi, koho najviac zamestn\u00e1vala v\u00fdchova die\u0165a\u0165a. Zv\u00e4\u010d\u0161a. Modern\u00e1 doba samozrejme pri\u0161la aj s in\u00fdmi rie\u0161eniami, n\u00e1padmi. Mu\u017e zostane doma \u2013 \u017eena m\u00e1 \u00faspe\u0161nej\u0161iu kari\u00e9ru a hlavn\u00fd pr\u00edjem. Alebo sa o die\u0165a postar\u00e1 babi\u010dka. \u00c1no, hovor\u00edm tu st\u00e1le o tom istom a jedinom \u2013 \u017eeny sa z \u017eien v dom\u00e1cnosti zmenili v \u017eeny, ktor\u00e9 maj\u00fa to ist\u00e9 pr\u00e1vo, t\u00fa\u017ebu aj potenci\u00e1l vykon\u00e1va\u0165 svoje vyt\u00fa\u017een\u00e9 povolanie. Samozrejme, rola matky zostala &#8211; a mysl\u00edm, \u017ee hovor\u00edm za v\u00e4\u010d\u0161inu \u017eien \u2013 pr\u00edjemnou povinnos\u0165ou, preto\u017ee deti s\u00fa t\u00fdm najdlh\u0161\u00edm, najv\u00e4\u010d\u0161\u00edm a najmil\u0161\u00edm z\u00e1v\u00e4zkom. Svet sa jednoducho obr\u00e1til hore nohami, no pod\u013ea m\u0148a v dobrom. Niekedy je \u0165a\u017ek\u00e9 odhadn\u00fa\u0165 spr\u00e1vny \u010das, \u010di je to e\u0161te pr\u00edli\u0161 skoro alebo u\u017e nebodaj pr\u00edli\u0161 neskoro ma\u0165 die\u0165a. Za\u010d\u00edname sa v tom str\u00e1ca\u0165. No aj tak si mysl\u00edm, \u017ee ka\u017ed\u00e9 die\u0165atko pr\u00edde na svet v spr\u00e1vny \u010das. Viem, \u017ee existuje ve\u013ea mlad\u00fdch \u017eien, ktor\u00e9 sa rozhodn\u00fa zalo\u017ei\u0165 si rodinu v skor\u00fdch 20-tich, dokonca v 18-tich \u010di 19tich po strednej \u0161kole. \u010co je ve\u013emi pekn\u00e9, pokia\u013e s\u00fa tak\u00e9to roden\u00e9 matky a cel\u00fd svoj nasleduj\u00faci \u017eivot venuj\u00fa de\u0165om. A mysl\u00edm, \u017ee niektor\u00e9 z nich by to za ni\u010d nevymenili. To, ako sa niekedy nespravodlivo na mlad\u00e9 mami\u010dky v dne\u0161nej dobe pozer\u00e1me, V\u00e1m mo\u017eno tie\u017e pom\u00f4\u017ee pochopi\u0165  Z m\u00f4jho poh\u013eadu, s\u00fa v\u0161ak aj tak\u00e9 \u017eeny, ktor\u00e9 maj\u00fa 25, 26 a len za\u010d\u00ednaj\u00fa v svojom obore, v 30tke mo\u017eno kone\u010dne maj\u00fa pocit, \u017ee ich kari\u00e9ra za\u010d\u00edna ma\u0165 zmysel a st\u00e1le t\u00fa\u017eia ako mlad\u00e9, energick\u00e9, pln\u00e9 potenci\u00e1lu a amb\u00edcie nie\u010do dok\u00e1za\u0165 a zmeni\u0165, prekro\u010di\u0165 to, \u010do e\u0161te nikto pred nimi alebo dosiahnu\u0165 aspo\u0148 zlomok toho, \u010do si ako mal\u00e9, ustr\u00e1chan\u00e9 diev\u010dat\u00e1 pod perinou pred span\u00edm priali a s\u013e\u00fabili, \u017ee to raz dosiahnu. Niektor\u00e9 cestuj\u00fa, precestovali by cel\u00fd svet, spoznali ka\u017ed\u00fd k\u00fat, ka\u017ed\u00fa kult\u00faru a pomohli ka\u017ed\u00e9mu die\u0165a\u0165u v Jord\u00e1nsku, Libanone \u010di Iraku a vyobj\u00edmali ich. Alebo pomohli ka\u017edej \u017eene v rozvojov\u00fdch krajin\u00e1ch, kde s\u00fa \u017eeny vo ve\u013ekej miere pova\u017eovan\u00e9 st\u00e1le za to, za\u010do pred p\u00e1r storo\u010diami. Alebo jednoducho cestovali, ochutn\u00e1vali \u0161pagety v Taliansku, tradi\u010dn\u00e9 curry jedl\u00e1 v Indii, k\u00fapali sa v oce\u00e1ne, precestovali zn\u00e1me metropoly, spoznali zn\u00e1mych \u013eud\u00ed, ka\u017ed\u00fd de\u0148 sa c\u00edtili ako bohy\u0148a a \u017eili pre seba. A mo\u017eno \u017eili doslova z modelingu \u010di instagramu alebo youtube, ako to dnes u\u017e nie je nezvy\u010dajn\u00e9 a nemo\u017en\u00e9.                                                                                                                                                                                                                                                                                                                                                                                        3.4\/5 - (8 votes)        "},{"@context":"https:\/\/schema.org\/","@type":"BreadcrumbList","itemListElement":[{"@type":"ListItem","position":1,"name":"Pre\u010do nechceme ma\u0165 deti?","item":"https:\/\/www.nccomp.sk\/preco-nechceme-mat-deti\/#breadcrumbitem"}]}]